{"id":1,"date":"2022-02-21T10:38:00","date_gmt":"2022-02-21T10:38:00","guid":{"rendered":"https:\/\/schaeppi.me\/lukarts\/?p=1"},"modified":"2022-04-26T15:04:49","modified_gmt":"2022-04-26T15:04:49","slug":"hello-world","status":"publish","type":"post","link":"https:\/\/schaeppi.me\/lukarts\/2022\/02\/21\/hello-world\/","title":{"rendered":"Hallo Welt!"},"content":{"rendered":"\n<p>Jede neue Website beginnt standardm\u00e4ssig mit diesen beiden Worten, warum auch nicht diese. Hallo als Inbegriff der Begr\u00fcssung des Gegen\u00fcbers steht hier stellvertretend f\u00fcr die Begr\u00fcssung des k\u00fcnstlerischen Aspekts, welcher sowohl eine Sicht nach Innen wie nach Aussen leben soll. Hier also der Blick nach Aussen.<\/p>\n\n\n\n<figure class=\"wp-block-image size-large\"><a href=\"https:\/\/schaeppi.me\/lukarts\/wp-content\/uploads\/2022\/04\/Ruhe-scaled.jpeg\"><img loading=\"lazy\" decoding=\"async\" width=\"1024\" height=\"576\" src=\"https:\/\/schaeppi.me\/lukarts\/wp-content\/uploads\/2022\/04\/Ruhe-1024x576.jpeg\" alt=\"\" class=\"wp-image-46\" srcset=\"https:\/\/schaeppi.me\/lukarts\/wp-content\/uploads\/2022\/04\/Ruhe-1024x576.jpeg 1024w, https:\/\/schaeppi.me\/lukarts\/wp-content\/uploads\/2022\/04\/Ruhe-300x169.jpeg 300w, https:\/\/schaeppi.me\/lukarts\/wp-content\/uploads\/2022\/04\/Ruhe-768x432.jpeg 768w, https:\/\/schaeppi.me\/lukarts\/wp-content\/uploads\/2022\/04\/Ruhe-1536x864.jpeg 1536w, https:\/\/schaeppi.me\/lukarts\/wp-content\/uploads\/2022\/04\/Ruhe-2048x1152.jpeg 2048w, https:\/\/schaeppi.me\/lukarts\/wp-content\/uploads\/2022\/04\/Ruhe-1240x698.jpeg 1240w, https:\/\/schaeppi.me\/lukarts\/wp-content\/uploads\/2022\/04\/Ruhe-508x286.jpeg 508w\" sizes=\"auto, (max-width: 1024px) 100vw, 1024px\" \/><\/a><figcaption>Strand an der Ostsee im Winter 2022.<\/figcaption><\/figure>\n","protected":false},"excerpt":{"rendered":"<p>Jede neue Website beginnt standardm\u00e4ssig mit diesen beiden Worten, warum auch nicht diese. Hallo als Inbegriff der Begr\u00fcssung des Gegen\u00fcbers steht hier stellvertretend f\u00fcr die Begr\u00fcssung des k\u00fcnstlerischen Aspekts, welcher sowohl eine Sicht nach Innen wie nach Aussen leben soll. Hier also der Blick nach Aussen.<\/p>\n","protected":false},"author":1,"featured_media":46,"comment_status":"open","ping_status":"open","sticky":false,"template":"","format":"standard","meta":{"footnotes":""},"categories":[8],"tags":[],"class_list":["post-1","post","type-post","status-publish","format-standard","has-post-thumbnail","hentry","category-foto"],"_links":{"self":[{"href":"https:\/\/schaeppi.me\/lukarts\/wp-json\/wp\/v2\/posts\/1","targetHints":{"allow":["GET"]}}],"collection":[{"href":"https:\/\/schaeppi.me\/lukarts\/wp-json\/wp\/v2\/posts"}],"about":[{"href":"https:\/\/schaeppi.me\/lukarts\/wp-json\/wp\/v2\/types\/post"}],"author":[{"embeddable":true,"href":"https:\/\/schaeppi.me\/lukarts\/wp-json\/wp\/v2\/users\/1"}],"replies":[{"embeddable":true,"href":"https:\/\/schaeppi.me\/lukarts\/wp-json\/wp\/v2\/comments?post=1"}],"version-history":[{"count":3,"href":"https:\/\/schaeppi.me\/lukarts\/wp-json\/wp\/v2\/posts\/1\/revisions"}],"predecessor-version":[{"id":391,"href":"https:\/\/schaeppi.me\/lukarts\/wp-json\/wp\/v2\/posts\/1\/revisions\/391"}],"wp:featuredmedia":[{"embeddable":true,"href":"https:\/\/schaeppi.me\/lukarts\/wp-json\/wp\/v2\/media\/46"}],"wp:attachment":[{"href":"https:\/\/schaeppi.me\/lukarts\/wp-json\/wp\/v2\/media?parent=1"}],"wp:term":[{"taxonomy":"category","embeddable":true,"href":"https:\/\/schaeppi.me\/lukarts\/wp-json\/wp\/v2\/categories?post=1"},{"taxonomy":"post_tag","embeddable":true,"href":"https:\/\/schaeppi.me\/lukarts\/wp-json\/wp\/v2\/tags?post=1"}],"curies":[{"name":"wp","href":"https:\/\/api.w.org\/{rel}","templated":true}]}}